{"id":7667,"date":"2025-10-02T16:56:33","date_gmt":"2025-10-02T14:56:33","guid":{"rendered":"https:\/\/www.italienisch-werkstatt.de\/?p=7667"},"modified":"2026-02-24T17:44:00","modified_gmt":"2026-02-24T16:44:00","slug":"lehrerinnen-der-italienisch-werkstatt-fabio","status":"publish","type":"post","link":"https:\/\/www.italienisch-werkstatt.de\/en\/lehrerinnen-der-italienisch-werkstatt-fabio","title":{"rendered":"Fabio"},"content":{"rendered":"<section class=\"l-section wpb_row height_small\"><div class=\"l-section-h i-cf\"><div class=\"g-cols vc_row via_flex valign_top type_default stacking_default\"><div class=\"vc_col-sm-12 wpb_column vc_column_container\"><div class=\"vc_column-inner\"><div class=\"wpb_wrapper\"><h1 class=\"w-post-elm post_title us_custom_d971738f align_left entry-title color_link_inherit\">Fabio<\/h1><\/div><\/div><\/div><\/div><\/div><\/section><section class=\"l-section wpb_row height_small\"><div class=\"l-section-h i-cf\"><div class=\"g-cols vc_row via_flex valign_top type_default stacking_default\"><div class=\"vc_col-sm-12 wpb_column vc_column_container\"><div class=\"vc_column-inner\"><div class=\"wpb_wrapper\"><div class=\"wpb_text_column\"><div class=\"wpb_wrapper\"><p>I'm <strong>Fabio<\/strong> and I come from Solaro, a small town halfway between Milan and Lake Como.<\/p>\n<p><img loading=\"lazy\" decoding=\"async\" class=\"size-medium wp-image-7036 aligncenter\" src=\"http:\/\/www.italienisch-werkstatt.de\/wp-content\/uploads\/2025\/05\/Fabio-258x300.jpg\" alt=\"LehrerInnen der Italienisch-Werkstatt - Fabio\" width=\"258\" height=\"300\" srcset=\"https:\/\/www.italienisch-werkstatt.de\/wp-content\/uploads\/2025\/05\/Fabio-258x300.jpg 258w, https:\/\/www.italienisch-werkstatt.de\/wp-content\/uploads\/2025\/05\/Fabio-10x12.jpg 10w, https:\/\/www.italienisch-werkstatt.de\/wp-content\/uploads\/2025\/05\/Fabio-600x699.jpg 600w, https:\/\/www.italienisch-werkstatt.de\/wp-content\/uploads\/2025\/05\/Fabio.jpg 779w\" sizes=\"auto, (max-width: 258px) 100vw, 258px\" \/><\/p>\n<p>My passion for the Italian language and literature was awakened during my school years. I studied modern literature at the University of Milan and then moved to Bologna, where I specialised in Italian studies and linguistics.<\/p>\n<p class=\"translation-block\">After my studies, I taught Italian and Latin literature at a grammar school for five years. I have lived in Berlin since 2023, the <em>northernmost Italian city in the world<\/em>. I work with the Italian workshop and other language institutes in Germany and abroad.<\/p>\n<p>In my lessons, I always look for a balance between rigour and spontaneity. Every group has its own energy, every student their own voice: Recognising and encouraging this uniqueness is at the heart of my work. I want my lessons to be a place of discovery, discussion and active participation, where language becomes a shared experience.<\/p>\n<\/div><\/div><\/div><\/div><\/div><\/div><\/div><\/section>","protected":false},"excerpt":{"rendered":"FabioIch bin Fabio und ich komme aus Solaro, einer kleinen Stadt auf halbem Weg zwischen Mailand und dem Comer See. W\u00e4hrend meiner Schulzeit wurde meine Leidenschaft f\u00fcr die italienische Sprache und Literatur geweckt. Ich habe an der Universit\u00e4t Mailand moderne Literatur studiert und bin dann nach Bologna gezogen, wo ich mich auf Italianistik und Sprachwissenschaften...","protected":false},"author":13,"featured_media":0,"comment_status":"open","ping_status":"closed","sticky":false,"template":"","format":"standard","meta":{"_acf_changed":false,"footnotes":""},"categories":[145],"tags":[],"class_list":["post-7667","post","type-post","status-publish","format-standard","hentry","category-teacher"],"acf":[],"_links":{"self":[{"href":"https:\/\/www.italienisch-werkstatt.de\/en\/wp-json\/wp\/v2\/posts\/7667","targetHints":{"allow":["GET"]}}],"collection":[{"href":"https:\/\/www.italienisch-werkstatt.de\/en\/wp-json\/wp\/v2\/posts"}],"about":[{"href":"https:\/\/www.italienisch-werkstatt.de\/en\/wp-json\/wp\/v2\/types\/post"}],"author":[{"embeddable":true,"href":"https:\/\/www.italienisch-werkstatt.de\/en\/wp-json\/wp\/v2\/users\/13"}],"replies":[{"embeddable":true,"href":"https:\/\/www.italienisch-werkstatt.de\/en\/wp-json\/wp\/v2\/comments?post=7667"}],"version-history":[{"count":5,"href":"https:\/\/www.italienisch-werkstatt.de\/en\/wp-json\/wp\/v2\/posts\/7667\/revisions"}],"predecessor-version":[{"id":8534,"href":"https:\/\/www.italienisch-werkstatt.de\/en\/wp-json\/wp\/v2\/posts\/7667\/revisions\/8534"}],"wp:attachment":[{"href":"https:\/\/www.italienisch-werkstatt.de\/en\/wp-json\/wp\/v2\/media?parent=7667"}],"wp:term":[{"taxonomy":"category","embeddable":true,"href":"https:\/\/www.italienisch-werkstatt.de\/en\/wp-json\/wp\/v2\/categories?post=7667"},{"taxonomy":"post_tag","embeddable":true,"href":"https:\/\/www.italienisch-werkstatt.de\/en\/wp-json\/wp\/v2\/tags?post=7667"}],"curies":[{"name":"wp","href":"https:\/\/api.w.org\/{rel}","templated":true}]}}